{"id":4447,"date":"2016-05-29T07:26:34","date_gmt":"2016-05-29T06:26:34","guid":{"rendered":"http:\/\/new.legendfest.hr\/2016\/05\/29\/velika-gorica-legendexpo-i-mjeseceve-sjene\/?lang=en"},"modified":"2016-12-10T12:36:42","modified_gmt":"2016-12-10T11:36:42","slug":"velika-gorica-legendexpo-i-mjeseceve-sjene","status":"publish","type":"post","link":"https:\/\/legendfest.hr\/en\/velika-gorica-legendexpo-i-mjeseceve-sjene\/","title":{"rendered":"LegendExpo and &#8216;Moon shadows&#8217; in Velika Gorica"},"content":{"rendered":"<p>After Kri\u017eevci, the exhibition moved to the city of\u00a0<b>Velika Gorica<\/b>\u00a0from the\u00a0<b>20th\u00a0to 28th\u00a0of May, 2016<\/b>\u00a0at the premises of\u00a0<b>Pu<strong>\u010d<\/strong>ko Open University, Zagreba<strong>\u010d<\/strong>ka 37.<\/b> The exhibition was opened by the president of the Association Val kulture (Wave of culture) Ivor Zidari\u0107 on\u00a0<strong>Friday, the 20th\u00a0of May at 7PM.<\/strong><\/p>\n<p><!--more--><\/p>\n<p>After the LegendExpo closed in Velika Gorica, it moved to Lukavec where the art was exhibited on the premises of an old castle during this year&#8217;s LegendFest on the <strong>28th and 29th of May<\/strong>.<\/p>\n<p>In addition to the art works and illustrations of Ivan Gregov, Zdenko Ba\u0161i\u0107, Hana Tintor, Philip Burburan, Tomislav Tomi\u0107, Igor Kordej, Esad Ribi\u0107, Nenad Panti\u0107 and Milivoj \u0106eran, the visitors could also see the exhibition &#8216;<strong>Moon shadows<\/strong>&#8216;. The &#8216;Moon shadows&#8217; is a collection of illustrations from the book of the same name by Zdenko Ba\u0161i\u0107 and photographs of Iva Luli\u0107.<\/p>\n<p>&nbsp;<\/p>\n","protected":false},"excerpt":{"rendered":"<p>After Kri\u017eevci, the exhibition moved to the city of\u00a0Velika Gorica\u00a0from the\u00a020th\u00a0to 28th\u00a0of May, 2016\u00a0at the premises of\u00a0Pu\u010dko Open University, Zagreba\u010dka 37. The exhibition was opened by the president of the Association Val kulture (Wave of culture) Ivor Zidari\u0107 on\u00a0Friday, the 20th\u00a0of May at 7PM.<\/p>\n","protected":false},"author":3,"featured_media":3258,"comment_status":"open","ping_status":"open","sticky":false,"template":"","format":"standard","meta":[],"categories":[70,68],"tags":[],"_links":{"self":[{"href":"https:\/\/legendfest.hr\/en\/wp-json\/wp\/v2\/posts\/4447"}],"collection":[{"href":"https:\/\/legendfest.hr\/en\/wp-json\/wp\/v2\/posts"}],"about":[{"href":"https:\/\/legendfest.hr\/en\/wp-json\/wp\/v2\/types\/post"}],"author":[{"embeddable":true,"href":"https:\/\/legendfest.hr\/en\/wp-json\/wp\/v2\/users\/3"}],"replies":[{"embeddable":true,"href":"https:\/\/legendfest.hr\/en\/wp-json\/wp\/v2\/comments?post=4447"}],"version-history":[{"count":2,"href":"https:\/\/legendfest.hr\/en\/wp-json\/wp\/v2\/posts\/4447\/revisions"}],"predecessor-version":[{"id":4449,"href":"https:\/\/legendfest.hr\/en\/wp-json\/wp\/v2\/posts\/4447\/revisions\/4449"}],"wp:featuredmedia":[{"embeddable":true,"href":"https:\/\/legendfest.hr\/en\/wp-json\/wp\/v2\/media\/3258"}],"wp:attachment":[{"href":"https:\/\/legendfest.hr\/en\/wp-json\/wp\/v2\/media?parent=4447"}],"wp:term":[{"taxonomy":"category","embeddable":true,"href":"https:\/\/legendfest.hr\/en\/wp-json\/wp\/v2\/categories?post=4447"},{"taxonomy":"post_tag","embeddable":true,"href":"https:\/\/legendfest.hr\/en\/wp-json\/wp\/v2\/tags?post=4447"}],"curies":[{"name":"wp","href":"https:\/\/api.w.org\/{rel}","templated":true}]}}