{"id":4441,"date":"2016-06-14T03:21:48","date_gmt":"2016-06-14T02:21:48","guid":{"rendered":"http:\/\/new.legendfest.hr\/2016\/06\/14\/legendexpo-u-skradinu-uvod-u-legendfest-np-krka\/?lang=en"},"modified":"2016-12-10T14:42:56","modified_gmt":"2016-12-10T13:42:56","slug":"legendexpo-u-skradinu-uvod-u-legendfest-np-krka","status":"publish","type":"post","link":"https:\/\/legendfest.hr\/en\/legendexpo-u-skradinu-uvod-u-legendfest-np-krka\/","title":{"rendered":"LegendExpo in Skradin &#8211; introduction to LegendFest in NP Krka"},"content":{"rendered":"<p>LegendExpo &#8211; exhibition of original artwork by renowned Croatian illustrators and creators of\u00a0LegendFest\u00a0visual identities has moved from the old town of Lukavec and continental Croatia to\u00a0<strong>Skradin<\/strong>\u00a0where the exhibition was held in the administrative building of the Public Institute of Krka\u00a0National Park.<br \/>\n<!--more--><\/p>\n<p>The exhibition was officially opened on\u00a0<b>Monday, the 13th of June, 2016<\/b>\u00a0at\u00a0<b>11AM<\/b>\u00a0by the director of the Public Institute of Krka National Park,\u00a0<b>Kre\u0161imir \u0160aki\u0107<\/b>\u00a0and the president of the Association Val kulture (Wave of culture).\u00a0This was an opportunity to present to the public the joint collaboration between the Public institute of Krka NP and the Association Val kulture &#8211; Zagreb in the organization of this year&#8217;s first\u00a0<strong>LegendFest<\/strong>\u00a0in \u0160ibenik-Knin County at the\u00a0<strong>Ro\u0161ki slap (Roski Waterfall)<\/strong>\u00a0on the\u00a0<strong>9th\u00a0<\/strong>and<strong>\u00a010th of July 2016.<\/strong><\/p>\n<p>The press conference was also held on the opening day to promote the concept and program of LegendFest, as well as the collaboration of the organizers.<\/p>\n<p>\u201c<em>The primal beauty of the Krka River and the wealth of tradition have enriched this area in which we live, and which we, as an Institute, care for. The mystical landscape and diversity of cultures that have been encountered in this area have given rise to numerous stories, legends and fairy tales that often intertwine with reality. For that reason, we are a proud partner on this project, and we are exceptionally pleased that Ro\u0161ki slap on the Krka River has been selected as the first venue of LegendFest in \u0160ibenik-Knin County.<\/em>\u201d stated Kre\u0161imir \u0160aki\u0107, director of the Public Institute of Krka National Park.<\/p>\n<p>\u201c<em>The legends and tales of the Dalmatian inland on fairies and ill-fated love, the sad father, cruel dragons and many others that arose on the banks of this magical river will again come to life in Ro\u0161ki slap. The pristine nature through which the Krka runs, the fairy-tale like locations of Ro\u0161ki slap, &#8216;Ozi\u0111ana pe\u0107ina&#8217; cave and the old water mills are sure to make LegendFest an even more attractive event, that will enable visitors to experience the wealth of the tangible and intangible cultural heritage of this region.<\/em>\u201d stated Ivor Zidari\u0107, president of the Association Val kulture.<\/p>\n","protected":false},"excerpt":{"rendered":"<p>LegendExpo &#8211; exhibition of original artwork by renowned Croatian illustrators and creators of\u00a0LegendFest\u00a0visual identities has moved from the old town of Lukavec and continental Croatia to\u00a0Skradin\u00a0where the exhibition was held in the administrative building of the Public Institute of Krka\u00a0National Park.<\/p>\n","protected":false},"author":3,"featured_media":2657,"comment_status":"open","ping_status":"open","sticky":false,"template":"","format":"standard","meta":[],"categories":[70,68],"tags":[],"_links":{"self":[{"href":"https:\/\/legendfest.hr\/en\/wp-json\/wp\/v2\/posts\/4441"}],"collection":[{"href":"https:\/\/legendfest.hr\/en\/wp-json\/wp\/v2\/posts"}],"about":[{"href":"https:\/\/legendfest.hr\/en\/wp-json\/wp\/v2\/types\/post"}],"author":[{"embeddable":true,"href":"https:\/\/legendfest.hr\/en\/wp-json\/wp\/v2\/users\/3"}],"replies":[{"embeddable":true,"href":"https:\/\/legendfest.hr\/en\/wp-json\/wp\/v2\/comments?post=4441"}],"version-history":[{"count":4,"href":"https:\/\/legendfest.hr\/en\/wp-json\/wp\/v2\/posts\/4441\/revisions"}],"predecessor-version":[{"id":4515,"href":"https:\/\/legendfest.hr\/en\/wp-json\/wp\/v2\/posts\/4441\/revisions\/4515"}],"wp:featuredmedia":[{"embeddable":true,"href":"https:\/\/legendfest.hr\/en\/wp-json\/wp\/v2\/media\/2657"}],"wp:attachment":[{"href":"https:\/\/legendfest.hr\/en\/wp-json\/wp\/v2\/media?parent=4441"}],"wp:term":[{"taxonomy":"category","embeddable":true,"href":"https:\/\/legendfest.hr\/en\/wp-json\/wp\/v2\/categories?post=4441"},{"taxonomy":"post_tag","embeddable":true,"href":"https:\/\/legendfest.hr\/en\/wp-json\/wp\/v2\/tags?post=4441"}],"curies":[{"name":"wp","href":"https:\/\/api.w.org\/{rel}","templated":true}]}}